{"id":6435,"date":"2025-06-09T09:47:42","date_gmt":"2025-06-09T09:47:42","guid":{"rendered":"https:\/\/fructus.se\/?p=6435"},"modified":"2025-08-15T11:12:10","modified_gmt":"2025-08-15T11:12:10","slug":"workshop-om-cam-beredning-1-september-2025","status":"publish","type":"post","link":"https:\/\/fructus.se\/en\/2025\/06\/09\/workshop-om-cam-beredning-1-september-2025\/","title":{"rendered":"Workshop om CAM-beredning 1 Oktober 2025"},"content":{"rendered":"<p><img fetchpriority=\"high\" decoding=\"async\" class=\"wp-image-6436 size-full aligncenter\" src=\"http:\/\/fructus.se\/wp-content\/uploads\/2025\/06\/IUC.jpg\" alt=\"\" width=\"365\" height=\"239\" srcset=\"https:\/\/fructus.se\/wp-content\/uploads\/2025\/06\/IUC.jpg 365w, https:\/\/fructus.se\/wp-content\/uploads\/2025\/06\/IUC-300x196.jpg 300w, https:\/\/fructus.se\/wp-content\/uploads\/2025\/06\/IUC-18x12.jpg 18w\" sizes=\"(max-width: 365px) 100vw, 365px\" \/><\/p>\n<p>&nbsp;<\/p>\n<h2 class=\"h1 event-title\" style=\"text-align: center;\">Workshop om CAM-beredning<\/h2>\n<h3 class=\"event-header-location\" style=\"text-align: center;\">\u00d6rebro<\/h3>\n<h3 class=\"event-header-date\" style=\"text-align: center;\">Onsdag 1 Oktober 2025, kl 08.30-11.00<\/h3>\n<h4>Workshop om CAM-beredning:<\/h4>\n<p class=\"lead-text\">\u00c4r du intresserad av att f\u00f6rdjupa dina kunskaper inom CAM? D\u00e5 f\u00e5r du inte missa v\u00e5r och IUC:s\u00a0 kommande workshop!<\/p>\n<aside class=\"info-box-small\">\n<ul>\n<li><strong>Datum<\/strong>: 1\/10<\/li>\n<li><strong>Tid<\/strong>: kl 08.30-11.00<\/li>\n<li><strong>Plats<\/strong>: \u00d6rebro, Lokal \u00e5terkommer vi med framigenom<\/li>\n<li><strong>Sista anm\u00e4lan<\/strong>: 26\/9<\/li>\n<li><strong>Kostnad:<\/strong>\u00a0Kostnadsfritt f\u00f6r sm\u00e5 och medelstora industrif\u00f6retag i \u00d6rebro l\u00e4n<\/li>\n<\/ul>\n<\/aside>\n<p data-start=\"315\" data-end=\"494\">Vi samlas f\u00f6r en workshop som riktar sig till dig som jobbar med beredning, produktion eller bara \u00e4r nyfiken p\u00e5 hur du kan ta n\u00e4sta steg i din CAM-kompetens.<\/p>\n<p data-start=\"496\" data-end=\"807\">Lars Skogman fr\u00e5n Fructus Data, har l\u00e5ng erfarenhet av CAM och kommer inte h\u00e5lla n\u00e5gon klassisk utbildning utan bjuda p\u00e5 insikter, tips och praktiska exempel direkt fr\u00e5n verkligheten. Exemplen kommer att ges i GibbsCAM. Tillsammans dyker vi ner i \u00e4mnet och utforskar bland annat:<\/p>\n<ul>\n<li data-start=\"811\" data-end=\"822\">Dykfr\u00e4sning<\/li>\n<li data-start=\"825\" data-end=\"842\">Dynamisk fr\u00e4sning<\/li>\n<li data-start=\"845\" data-end=\"867\">Flerfunktionssvarvning<\/li>\n<li data-start=\"870\" data-end=\"898\">5-axlig simultan bearbetning<\/li>\n<li data-start=\"870\" data-end=\"898\">M.m.<\/li>\n<\/ul>\n<p data-start=\"900\" data-end=\"952\"><strong data-start=\"900\" data-end=\"952\">Det h\u00e4r \u00e4r ett tillf\u00e4lle att b\u00e5de l\u00e4ra och dela.<\/strong><\/p>\n<p data-start=\"954\" data-end=\"1179\">Vi tror att du som kommer ha bra fr\u00e5gor och att bidra med, precis som alla andra som \u00e4r d\u00e4r. Det kommer finnas gott om tid f\u00f6r fr\u00e5gor, diskussioner och erfarenhetsutbyte. Kanske sitter n\u00e5gon annan med l\u00f6sningen p\u00e5 just din utmaning?<\/p>\n<p data-start=\"954\" data-end=\"1179\">Vi bjuder p\u00e5 fika. Du bjuder p\u00e5 din nyfikenhet.<\/p>\n<p style=\"text-align: center;\" data-start=\"954\" data-end=\"1179\"><strong>Anm\u00e4l dig redan idag!<\/strong><\/p>\n<h3 style=\"text-align: center;\"><strong><a class=\"btn-color btn-blue-green-outline\" href=\"https:\/\/iuc-industrihubb.ungapped.io\/Events\/78f936c3-c6e9-4d1c-be54-25a44021ef47\">&gt;&gt;&gt; Anm\u00e4lan &lt;&lt;&lt;<\/a><\/strong><\/h3>\n<p style=\"text-align: center;\">Deltagandet \u00e4r kostnadsfritt f\u00f6r sm\u00e5 och medelstora industrif\u00f6retag i \u00d6rebro L\u00e4n och ing\u00e5r i projektet Starkare industri i \u00d6rebro l\u00e4n som medfinansieras av Europeiska unionen (ERUF) och Region \u00d6rebro l\u00e4n.<\/p>","protected":false},"excerpt":{"rendered":"<p>&nbsp; Workshop om CAM-beredning \u00d6rebro Onsdag 1 Oktober 2025, kl 08.30-11.00 Workshop om CAM-beredning: \u00c4r du intresserad av att f\u00f6rdjupa dina kunskaper inom CAM? D\u00e5 f\u00e5r du inte missa v\u00e5r och IUC:s\u00a0 kommande workshop! Datum: 1\/10 Tid: kl 08.30-11.00 Plats: \u00d6rebro, Lokal \u00e5terkommer vi med framigenom Sista anm\u00e4lan: 26\/9 Kostnad:\u00a0Kostnadsfritt f\u00f6r sm\u00e5 och medelstora industrif\u00f6retag [&hellip;]<\/p>","protected":false},"author":2,"featured_media":6439,"comment_status":"open","ping_status":"open","sticky":false,"template":"","format":"standard","meta":{"footnotes":""},"categories":[1],"tags":[],"class_list":["post-6435","post","type-post","status-publish","format-standard","has-post-thumbnail","hentry","category-event"],"acf":[],"yoast_head":"<!-- This site is optimized with the Yoast SEO plugin v25.7 - https:\/\/yoast.com\/wordpress\/plugins\/seo\/ -->\n<title>Workshop om CAM-beredning 1 Oktober 2025 - Fructus<\/title>\n<meta name=\"robots\" content=\"index, follow, max-snippet:-1, max-image-preview:large, max-video-preview:-1\" \/>\n<link rel=\"canonical\" href=\"https:\/\/fructus.se\/en\/2025\/06\/09\/workshop-om-cam-beredning-1-september-2025\/\" \/>\n<meta property=\"og:locale\" content=\"en_GB\" \/>\n<meta property=\"og:type\" content=\"article\" \/>\n<meta property=\"og:title\" content=\"Workshop om CAM-beredning 1 Oktober 2025 - Fructus\" \/>\n<meta property=\"og:description\" content=\"&nbsp; Workshop om CAM-beredning \u00d6rebro Onsdag 1 Oktober 2025, kl 08.30-11.00 Workshop om CAM-beredning: \u00c4r du intresserad av att f\u00f6rdjupa dina kunskaper inom CAM? D\u00e5 f\u00e5r du inte missa v\u00e5r och IUC:s\u00a0 kommande workshop! Datum: 1\/10 Tid: kl 08.30-11.00 Plats: \u00d6rebro, Lokal \u00e5terkommer vi med framigenom Sista anm\u00e4lan: 26\/9 Kostnad:\u00a0Kostnadsfritt f\u00f6r sm\u00e5 och medelstora industrif\u00f6retag [&hellip;]\" \/>\n<meta property=\"og:url\" content=\"https:\/\/fructus.se\/en\/2025\/06\/09\/workshop-om-cam-beredning-1-september-2025\/\" \/>\n<meta property=\"og:site_name\" content=\"Fructus\" \/>\n<meta property=\"article:published_time\" content=\"2025-06-09T09:47:42+00:00\" \/>\n<meta property=\"article:modified_time\" content=\"2025-08-15T11:12:10+00:00\" \/>\n<meta property=\"og:image\" content=\"http:\/\/fructus.se\/wp-content\/uploads\/2025\/06\/IUC_Industrihubb_kugghjul.jpg\" \/>\n\t<meta property=\"og:image:width\" content=\"1769\" \/>\n\t<meta property=\"og:image:height\" content=\"994\" \/>\n\t<meta property=\"og:image:type\" content=\"image\/jpeg\" \/>\n<meta name=\"author\" content=\"Mikael\" \/>\n<meta name=\"twitter:card\" content=\"summary_large_image\" \/>\n<meta name=\"twitter:label1\" content=\"Written by\" \/>\n\t<meta name=\"twitter:data1\" content=\"Mikael\" \/>\n\t<meta name=\"twitter:label2\" content=\"Estimated reading time\" \/>\n\t<meta name=\"twitter:data2\" content=\"2 minutes\" \/>\n<script type=\"application\/ld+json\" class=\"yoast-schema-graph\">{\"@context\":\"https:\/\/schema.org\",\"@graph\":[{\"@type\":\"Article\",\"@id\":\"https:\/\/fructus.se\/2025\/06\/09\/workshop-om-cam-beredning-1-september-2025\/#article\",\"isPartOf\":{\"@id\":\"https:\/\/fructus.se\/2025\/06\/09\/workshop-om-cam-beredning-1-september-2025\/\"},\"author\":{\"name\":\"Mikael\",\"@id\":\"https:\/\/fructus.se\/#\/schema\/person\/f5e66a6038af25a57d786df7e880f487\"},\"headline\":\"Workshop om CAM-beredning 1 Oktober 2025\",\"datePublished\":\"2025-06-09T09:47:42+00:00\",\"dateModified\":\"2025-08-15T11:12:10+00:00\",\"mainEntityOfPage\":{\"@id\":\"https:\/\/fructus.se\/2025\/06\/09\/workshop-om-cam-beredning-1-september-2025\/\"},\"wordCount\":277,\"commentCount\":0,\"publisher\":{\"@id\":\"https:\/\/fructus.se\/#organization\"},\"image\":{\"@id\":\"https:\/\/fructus.se\/2025\/06\/09\/workshop-om-cam-beredning-1-september-2025\/#primaryimage\"},\"thumbnailUrl\":\"https:\/\/fructus.se\/wp-content\/uploads\/2025\/06\/IUC_Industrihubb_kugghjul.jpg\",\"articleSection\":[\"Event\"],\"inLanguage\":\"en-GB\",\"potentialAction\":[{\"@type\":\"CommentAction\",\"name\":\"Comment\",\"target\":[\"https:\/\/fructus.se\/2025\/06\/09\/workshop-om-cam-beredning-1-september-2025\/#respond\"]}]},{\"@type\":\"WebPage\",\"@id\":\"https:\/\/fructus.se\/2025\/06\/09\/workshop-om-cam-beredning-1-september-2025\/\",\"url\":\"https:\/\/fructus.se\/2025\/06\/09\/workshop-om-cam-beredning-1-september-2025\/\",\"name\":\"Workshop om CAM-beredning 1 Oktober 2025 - Fructus\",\"isPartOf\":{\"@id\":\"https:\/\/fructus.se\/#website\"},\"primaryImageOfPage\":{\"@id\":\"https:\/\/fructus.se\/2025\/06\/09\/workshop-om-cam-beredning-1-september-2025\/#primaryimage\"},\"image\":{\"@id\":\"https:\/\/fructus.se\/2025\/06\/09\/workshop-om-cam-beredning-1-september-2025\/#primaryimage\"},\"thumbnailUrl\":\"https:\/\/fructus.se\/wp-content\/uploads\/2025\/06\/IUC_Industrihubb_kugghjul.jpg\",\"datePublished\":\"2025-06-09T09:47:42+00:00\",\"dateModified\":\"2025-08-15T11:12:10+00:00\",\"breadcrumb\":{\"@id\":\"https:\/\/fructus.se\/2025\/06\/09\/workshop-om-cam-beredning-1-september-2025\/#breadcrumb\"},\"inLanguage\":\"en-GB\",\"potentialAction\":[{\"@type\":\"ReadAction\",\"target\":[\"https:\/\/fructus.se\/2025\/06\/09\/workshop-om-cam-beredning-1-september-2025\/\"]}]},{\"@type\":\"ImageObject\",\"inLanguage\":\"en-GB\",\"@id\":\"https:\/\/fructus.se\/2025\/06\/09\/workshop-om-cam-beredning-1-september-2025\/#primaryimage\",\"url\":\"https:\/\/fructus.se\/wp-content\/uploads\/2025\/06\/IUC_Industrihubb_kugghjul.jpg\",\"contentUrl\":\"https:\/\/fructus.se\/wp-content\/uploads\/2025\/06\/IUC_Industrihubb_kugghjul.jpg\",\"width\":1769,\"height\":994},{\"@type\":\"BreadcrumbList\",\"@id\":\"https:\/\/fructus.se\/2025\/06\/09\/workshop-om-cam-beredning-1-september-2025\/#breadcrumb\",\"itemListElement\":[{\"@type\":\"ListItem\",\"position\":1,\"name\":\"Hem\",\"item\":\"https:\/\/fructus.se\/\"},{\"@type\":\"ListItem\",\"position\":2,\"name\":\"Workshop om CAM-beredning 1 Oktober 2025\"}]},{\"@type\":\"WebSite\",\"@id\":\"https:\/\/fructus.se\/#website\",\"url\":\"https:\/\/fructus.se\/\",\"name\":\"Fructus\",\"description\":\"CAD \/ CAM \/ CAE\",\"publisher\":{\"@id\":\"https:\/\/fructus.se\/#organization\"},\"potentialAction\":[{\"@type\":\"SearchAction\",\"target\":{\"@type\":\"EntryPoint\",\"urlTemplate\":\"https:\/\/fructus.se\/?s={search_term_string}\"},\"query-input\":{\"@type\":\"PropertyValueSpecification\",\"valueRequired\":true,\"valueName\":\"search_term_string\"}}],\"inLanguage\":\"en-GB\"},{\"@type\":\"Organization\",\"@id\":\"https:\/\/fructus.se\/#organization\",\"name\":\"Fructus\",\"url\":\"https:\/\/fructus.se\/\",\"logo\":{\"@type\":\"ImageObject\",\"inLanguage\":\"en-GB\",\"@id\":\"https:\/\/fructus.se\/#\/schema\/logo\/image\/\",\"url\":\"https:\/\/fructus.se\/wp-content\/uploads\/2022\/10\/fructus-logo.png\",\"contentUrl\":\"https:\/\/fructus.se\/wp-content\/uploads\/2022\/10\/fructus-logo.png\",\"width\":501,\"height\":125,\"caption\":\"Fructus\"},\"image\":{\"@id\":\"https:\/\/fructus.se\/#\/schema\/logo\/image\/\"}},{\"@type\":\"Person\",\"@id\":\"https:\/\/fructus.se\/#\/schema\/person\/f5e66a6038af25a57d786df7e880f487\",\"name\":\"Mikael\",\"image\":{\"@type\":\"ImageObject\",\"inLanguage\":\"en-GB\",\"@id\":\"https:\/\/fructus.se\/#\/schema\/person\/image\/\",\"url\":\"https:\/\/fructus.se\/wp-content\/litespeed\/avatar\/d55ee1773c67f3e3bd710864e72d7162.jpg?ver=1776878743\",\"contentUrl\":\"https:\/\/fructus.se\/wp-content\/litespeed\/avatar\/d55ee1773c67f3e3bd710864e72d7162.jpg?ver=1776878743\",\"caption\":\"Mikael\"},\"url\":\"https:\/\/fructus.se\/en\/author\/mikael-bagge\/\"}]}<\/script>\n<!-- \/ Yoast SEO plugin. -->","yoast_head_json":{"title":"Workshop om CAM-beredning 1 Oktober 2025 - Fructus","robots":{"index":"index","follow":"follow","max-snippet":"max-snippet:-1","max-image-preview":"max-image-preview:large","max-video-preview":"max-video-preview:-1"},"canonical":"https:\/\/fructus.se\/en\/2025\/06\/09\/workshop-om-cam-beredning-1-september-2025\/","og_locale":"en_GB","og_type":"article","og_title":"Workshop om CAM-beredning 1 Oktober 2025 - Fructus","og_description":"&nbsp; Workshop om CAM-beredning \u00d6rebro Onsdag 1 Oktober 2025, kl 08.30-11.00 Workshop om CAM-beredning: \u00c4r du intresserad av att f\u00f6rdjupa dina kunskaper inom CAM? D\u00e5 f\u00e5r du inte missa v\u00e5r och IUC:s\u00a0 kommande workshop! Datum: 1\/10 Tid: kl 08.30-11.00 Plats: \u00d6rebro, Lokal \u00e5terkommer vi med framigenom Sista anm\u00e4lan: 26\/9 Kostnad:\u00a0Kostnadsfritt f\u00f6r sm\u00e5 och medelstora industrif\u00f6retag [&hellip;]","og_url":"https:\/\/fructus.se\/en\/2025\/06\/09\/workshop-om-cam-beredning-1-september-2025\/","og_site_name":"Fructus","article_published_time":"2025-06-09T09:47:42+00:00","article_modified_time":"2025-08-15T11:12:10+00:00","og_image":[{"width":1769,"height":994,"url":"http:\/\/fructus.se\/wp-content\/uploads\/2025\/06\/IUC_Industrihubb_kugghjul.jpg","type":"image\/jpeg"}],"author":"Mikael","twitter_card":"summary_large_image","twitter_misc":{"Written by":"Mikael","Estimated reading time":"2 minutes"},"schema":{"@context":"https:\/\/schema.org","@graph":[{"@type":"Article","@id":"https:\/\/fructus.se\/2025\/06\/09\/workshop-om-cam-beredning-1-september-2025\/#article","isPartOf":{"@id":"https:\/\/fructus.se\/2025\/06\/09\/workshop-om-cam-beredning-1-september-2025\/"},"author":{"name":"Mikael","@id":"https:\/\/fructus.se\/#\/schema\/person\/f5e66a6038af25a57d786df7e880f487"},"headline":"Workshop om CAM-beredning 1 Oktober 2025","datePublished":"2025-06-09T09:47:42+00:00","dateModified":"2025-08-15T11:12:10+00:00","mainEntityOfPage":{"@id":"https:\/\/fructus.se\/2025\/06\/09\/workshop-om-cam-beredning-1-september-2025\/"},"wordCount":277,"commentCount":0,"publisher":{"@id":"https:\/\/fructus.se\/#organization"},"image":{"@id":"https:\/\/fructus.se\/2025\/06\/09\/workshop-om-cam-beredning-1-september-2025\/#primaryimage"},"thumbnailUrl":"https:\/\/fructus.se\/wp-content\/uploads\/2025\/06\/IUC_Industrihubb_kugghjul.jpg","articleSection":["Event"],"inLanguage":"en-GB","potentialAction":[{"@type":"CommentAction","name":"Comment","target":["https:\/\/fructus.se\/2025\/06\/09\/workshop-om-cam-beredning-1-september-2025\/#respond"]}]},{"@type":"WebPage","@id":"https:\/\/fructus.se\/2025\/06\/09\/workshop-om-cam-beredning-1-september-2025\/","url":"https:\/\/fructus.se\/2025\/06\/09\/workshop-om-cam-beredning-1-september-2025\/","name":"Workshop om CAM-beredning 1 Oktober 2025 - Fructus","isPartOf":{"@id":"https:\/\/fructus.se\/#website"},"primaryImageOfPage":{"@id":"https:\/\/fructus.se\/2025\/06\/09\/workshop-om-cam-beredning-1-september-2025\/#primaryimage"},"image":{"@id":"https:\/\/fructus.se\/2025\/06\/09\/workshop-om-cam-beredning-1-september-2025\/#primaryimage"},"thumbnailUrl":"https:\/\/fructus.se\/wp-content\/uploads\/2025\/06\/IUC_Industrihubb_kugghjul.jpg","datePublished":"2025-06-09T09:47:42+00:00","dateModified":"2025-08-15T11:12:10+00:00","breadcrumb":{"@id":"https:\/\/fructus.se\/2025\/06\/09\/workshop-om-cam-beredning-1-september-2025\/#breadcrumb"},"inLanguage":"en-GB","potentialAction":[{"@type":"ReadAction","target":["https:\/\/fructus.se\/2025\/06\/09\/workshop-om-cam-beredning-1-september-2025\/"]}]},{"@type":"ImageObject","inLanguage":"en-GB","@id":"https:\/\/fructus.se\/2025\/06\/09\/workshop-om-cam-beredning-1-september-2025\/#primaryimage","url":"https:\/\/fructus.se\/wp-content\/uploads\/2025\/06\/IUC_Industrihubb_kugghjul.jpg","contentUrl":"https:\/\/fructus.se\/wp-content\/uploads\/2025\/06\/IUC_Industrihubb_kugghjul.jpg","width":1769,"height":994},{"@type":"BreadcrumbList","@id":"https:\/\/fructus.se\/2025\/06\/09\/workshop-om-cam-beredning-1-september-2025\/#breadcrumb","itemListElement":[{"@type":"ListItem","position":1,"name":"Hem","item":"https:\/\/fructus.se\/"},{"@type":"ListItem","position":2,"name":"Workshop om CAM-beredning 1 Oktober 2025"}]},{"@type":"WebSite","@id":"https:\/\/fructus.se\/#website","url":"https:\/\/fructus.se\/","name":"Fructus","description":"CAD \/ CAM \/ CAE","publisher":{"@id":"https:\/\/fructus.se\/#organization"},"potentialAction":[{"@type":"SearchAction","target":{"@type":"EntryPoint","urlTemplate":"https:\/\/fructus.se\/?s={search_term_string}"},"query-input":{"@type":"PropertyValueSpecification","valueRequired":true,"valueName":"search_term_string"}}],"inLanguage":"en-GB"},{"@type":"Organization","@id":"https:\/\/fructus.se\/#organization","name":"Fructus","url":"https:\/\/fructus.se\/","logo":{"@type":"ImageObject","inLanguage":"en-GB","@id":"https:\/\/fructus.se\/#\/schema\/logo\/image\/","url":"https:\/\/fructus.se\/wp-content\/uploads\/2022\/10\/fructus-logo.png","contentUrl":"https:\/\/fructus.se\/wp-content\/uploads\/2022\/10\/fructus-logo.png","width":501,"height":125,"caption":"Fructus"},"image":{"@id":"https:\/\/fructus.se\/#\/schema\/logo\/image\/"}},{"@type":"Person","@id":"https:\/\/fructus.se\/#\/schema\/person\/f5e66a6038af25a57d786df7e880f487","name":"Mikael","image":{"@type":"ImageObject","inLanguage":"en-GB","@id":"https:\/\/fructus.se\/#\/schema\/person\/image\/","url":"https:\/\/fructus.se\/wp-content\/litespeed\/avatar\/d55ee1773c67f3e3bd710864e72d7162.jpg?ver=1776878743","contentUrl":"https:\/\/fructus.se\/wp-content\/litespeed\/avatar\/d55ee1773c67f3e3bd710864e72d7162.jpg?ver=1776878743","caption":"Mikael"},"url":"https:\/\/fructus.se\/en\/author\/mikael-bagge\/"}]}},"_links":{"self":[{"href":"https:\/\/fructus.se\/en\/wp-json\/wp\/v2\/posts\/6435","targetHints":{"allow":["GET"]}}],"collection":[{"href":"https:\/\/fructus.se\/en\/wp-json\/wp\/v2\/posts"}],"about":[{"href":"https:\/\/fructus.se\/en\/wp-json\/wp\/v2\/types\/post"}],"author":[{"embeddable":true,"href":"https:\/\/fructus.se\/en\/wp-json\/wp\/v2\/users\/2"}],"replies":[{"embeddable":true,"href":"https:\/\/fructus.se\/en\/wp-json\/wp\/v2\/comments?post=6435"}],"version-history":[{"count":0,"href":"https:\/\/fructus.se\/en\/wp-json\/wp\/v2\/posts\/6435\/revisions"}],"wp:featuredmedia":[{"embeddable":true,"href":"https:\/\/fructus.se\/en\/wp-json\/wp\/v2\/media\/6439"}],"wp:attachment":[{"href":"https:\/\/fructus.se\/en\/wp-json\/wp\/v2\/media?parent=6435"}],"wp:term":[{"taxonomy":"category","embeddable":true,"href":"https:\/\/fructus.se\/en\/wp-json\/wp\/v2\/categories?post=6435"},{"taxonomy":"post_tag","embeddable":true,"href":"https:\/\/fructus.se\/en\/wp-json\/wp\/v2\/tags?post=6435"}],"curies":[{"name":"wp","href":"https:\/\/api.w.org\/{rel}","templated":true}]}}