{"id":6412,"date":"2025-04-24T09:36:13","date_gmt":"2025-04-24T09:36:13","guid":{"rendered":"https:\/\/fructus.se\/?p=6412"},"modified":"2025-04-24T09:42:47","modified_gmt":"2025-04-24T09:42:47","slug":"varnamo-industriexpo-14-15-maj-2025","status":"publish","type":"post","link":"https:\/\/fructus.se\/en\/2025\/04\/24\/varnamo-industriexpo-14-15-maj-2025\/","title":{"rendered":"V\u00c4RNAMO INDUSTRIEXPO 14-15 MAJ 2025"},"content":{"rendered":"<p>&nbsp;<\/p>\n<figure style=\"width: 864px\" class=\"wp-caption aligncenter\"><img fetchpriority=\"high\" decoding=\"async\" class=\"size-full\" src=\"https:\/\/www.varnamo.se\/images\/18.324c8821194b0e4e60773d0\/1739971193263\/industri%20expo%202025%20864x433.jpg\" alt=\"V\u00e4rnamo IndustriExpo 2025\" width=\"864\" height=\"433\" \/><figcaption class=\"wp-caption-text\">V\u00c4RNAMO INDUSTRIEXPO 2025<\/figcaption><\/figure>\n<p>&nbsp;<\/p>\n<p>Varmt v\u00e4lkommen till V\u00e4rnamo Industriexpo, den 14-15 maj i V\u00e4rnamo. Evenemanget d\u00e4r du tr\u00e4ffar v\u00e4rldsledande f\u00f6retag inom tillverkningsindustrin.<\/p>\n<p>Vi finns p\u00e5 plats hos Ravema som medutst\u00e4llare och visar snabb och smidig CAM programmering. Ut\u00f6ver det anordnas b\u00e5de seminarier och livek\u00f6rningar i maskin, med m\u00e5let att ge Er maximalt med information om det senaste inom sk\u00e4rande bearbetning.<\/p>\n<p>Adress till RAVEMA:<\/p>\n<p>Margretelundsv\u00e4gen 1, V\u00e4rnamo<\/p>\n<p>&nbsp;<\/p>\n<p>F\u00d6R MER INFO OCH ANM\u00c4LAN KLICKA NEDAN:<\/p>\n<p><a href=\"https:\/\/varnamoindustriexpo.se\/anmalan\/\"><strong>REGISTRERA DIN PLATS H\u00c4R\u00a0<\/strong><\/a><\/p>","protected":false},"excerpt":{"rendered":"<p>&nbsp; &nbsp; Varmt v\u00e4lkommen till V\u00e4rnamo Industriexpo, den 14-15 maj i V\u00e4rnamo. Evenemanget d\u00e4r du tr\u00e4ffar v\u00e4rldsledande f\u00f6retag inom tillverkningsindustrin. Vi finns p\u00e5 plats hos Ravema som medutst\u00e4llare och visar snabb och smidig CAM programmering. Ut\u00f6ver det anordnas b\u00e5de seminarier och livek\u00f6rningar i maskin, med m\u00e5let att ge Er maximalt med information om det senaste [&hellip;]<\/p>","protected":false},"author":2,"featured_media":6416,"comment_status":"open","ping_status":"open","sticky":false,"template":"","format":"standard","meta":{"footnotes":""},"categories":[1],"tags":[],"class_list":["post-6412","post","type-post","status-publish","format-standard","has-post-thumbnail","hentry","category-event"],"acf":[],"yoast_head":"<!-- This site is optimized with the Yoast SEO plugin v25.7 - https:\/\/yoast.com\/wordpress\/plugins\/seo\/ -->\n<title>V\u00c4RNAMO INDUSTRIEXPO 14-15 MAJ 2025 - Fructus<\/title>\n<meta name=\"robots\" content=\"index, follow, max-snippet:-1, max-image-preview:large, max-video-preview:-1\" \/>\n<link rel=\"canonical\" href=\"https:\/\/fructus.se\/en\/2025\/04\/24\/varnamo-industriexpo-14-15-maj-2025\/\" \/>\n<meta property=\"og:locale\" content=\"en_GB\" \/>\n<meta property=\"og:type\" content=\"article\" \/>\n<meta property=\"og:title\" content=\"V\u00c4RNAMO INDUSTRIEXPO 14-15 MAJ 2025 - Fructus\" \/>\n<meta property=\"og:description\" content=\"&nbsp; &nbsp; Varmt v\u00e4lkommen till V\u00e4rnamo Industriexpo, den 14-15 maj i V\u00e4rnamo. Evenemanget d\u00e4r du tr\u00e4ffar v\u00e4rldsledande f\u00f6retag inom tillverkningsindustrin. Vi finns p\u00e5 plats hos Ravema som medutst\u00e4llare och visar snabb och smidig CAM programmering. Ut\u00f6ver det anordnas b\u00e5de seminarier och livek\u00f6rningar i maskin, med m\u00e5let att ge Er maximalt med information om det senaste [&hellip;]\" \/>\n<meta property=\"og:url\" content=\"https:\/\/fructus.se\/en\/2025\/04\/24\/varnamo-industriexpo-14-15-maj-2025\/\" \/>\n<meta property=\"og:site_name\" content=\"Fructus\" \/>\n<meta property=\"article:published_time\" content=\"2025-04-24T09:36:13+00:00\" \/>\n<meta property=\"article:modified_time\" content=\"2025-04-24T09:42:47+00:00\" \/>\n<meta property=\"og:image\" content=\"http:\/\/fructus.se\/wp-content\/uploads\/2025\/04\/vix2025.jpg\" \/>\n\t<meta property=\"og:image:width\" content=\"1149\" \/>\n\t<meta property=\"og:image:height\" content=\"844\" \/>\n\t<meta property=\"og:image:type\" content=\"image\/jpeg\" \/>\n<meta name=\"author\" content=\"Mikael\" \/>\n<meta name=\"twitter:card\" content=\"summary_large_image\" \/>\n<meta name=\"twitter:label1\" content=\"Written by\" \/>\n\t<meta name=\"twitter:data1\" content=\"Mikael\" \/>\n\t<meta name=\"twitter:label2\" content=\"Estimated reading time\" \/>\n\t<meta name=\"twitter:data2\" content=\"1 minute\" \/>\n<script type=\"application\/ld+json\" class=\"yoast-schema-graph\">{\"@context\":\"https:\/\/schema.org\",\"@graph\":[{\"@type\":\"Article\",\"@id\":\"https:\/\/fructus.se\/2025\/04\/24\/varnamo-industriexpo-14-15-maj-2025\/#article\",\"isPartOf\":{\"@id\":\"https:\/\/fructus.se\/2025\/04\/24\/varnamo-industriexpo-14-15-maj-2025\/\"},\"author\":{\"name\":\"Mikael\",\"@id\":\"https:\/\/fructus.se\/#\/schema\/person\/f5e66a6038af25a57d786df7e880f487\"},\"headline\":\"V\u00c4RNAMO INDUSTRIEXPO 14-15 MAJ 2025\",\"datePublished\":\"2025-04-24T09:36:13+00:00\",\"dateModified\":\"2025-04-24T09:42:47+00:00\",\"mainEntityOfPage\":{\"@id\":\"https:\/\/fructus.se\/2025\/04\/24\/varnamo-industriexpo-14-15-maj-2025\/\"},\"wordCount\":107,\"commentCount\":0,\"publisher\":{\"@id\":\"https:\/\/fructus.se\/#organization\"},\"image\":{\"@id\":\"https:\/\/fructus.se\/2025\/04\/24\/varnamo-industriexpo-14-15-maj-2025\/#primaryimage\"},\"thumbnailUrl\":\"https:\/\/fructus.se\/wp-content\/uploads\/2025\/04\/vix2025.jpg\",\"articleSection\":[\"Event\"],\"inLanguage\":\"en-GB\",\"potentialAction\":[{\"@type\":\"CommentAction\",\"name\":\"Comment\",\"target\":[\"https:\/\/fructus.se\/2025\/04\/24\/varnamo-industriexpo-14-15-maj-2025\/#respond\"]}]},{\"@type\":\"WebPage\",\"@id\":\"https:\/\/fructus.se\/2025\/04\/24\/varnamo-industriexpo-14-15-maj-2025\/\",\"url\":\"https:\/\/fructus.se\/2025\/04\/24\/varnamo-industriexpo-14-15-maj-2025\/\",\"name\":\"V\u00c4RNAMO INDUSTRIEXPO 14-15 MAJ 2025 - Fructus\",\"isPartOf\":{\"@id\":\"https:\/\/fructus.se\/#website\"},\"primaryImageOfPage\":{\"@id\":\"https:\/\/fructus.se\/2025\/04\/24\/varnamo-industriexpo-14-15-maj-2025\/#primaryimage\"},\"image\":{\"@id\":\"https:\/\/fructus.se\/2025\/04\/24\/varnamo-industriexpo-14-15-maj-2025\/#primaryimage\"},\"thumbnailUrl\":\"https:\/\/fructus.se\/wp-content\/uploads\/2025\/04\/vix2025.jpg\",\"datePublished\":\"2025-04-24T09:36:13+00:00\",\"dateModified\":\"2025-04-24T09:42:47+00:00\",\"breadcrumb\":{\"@id\":\"https:\/\/fructus.se\/2025\/04\/24\/varnamo-industriexpo-14-15-maj-2025\/#breadcrumb\"},\"inLanguage\":\"en-GB\",\"potentialAction\":[{\"@type\":\"ReadAction\",\"target\":[\"https:\/\/fructus.se\/2025\/04\/24\/varnamo-industriexpo-14-15-maj-2025\/\"]}]},{\"@type\":\"ImageObject\",\"inLanguage\":\"en-GB\",\"@id\":\"https:\/\/fructus.se\/2025\/04\/24\/varnamo-industriexpo-14-15-maj-2025\/#primaryimage\",\"url\":\"https:\/\/fructus.se\/wp-content\/uploads\/2025\/04\/vix2025.jpg\",\"contentUrl\":\"https:\/\/fructus.se\/wp-content\/uploads\/2025\/04\/vix2025.jpg\",\"width\":1149,\"height\":844},{\"@type\":\"BreadcrumbList\",\"@id\":\"https:\/\/fructus.se\/2025\/04\/24\/varnamo-industriexpo-14-15-maj-2025\/#breadcrumb\",\"itemListElement\":[{\"@type\":\"ListItem\",\"position\":1,\"name\":\"Hem\",\"item\":\"https:\/\/fructus.se\/\"},{\"@type\":\"ListItem\",\"position\":2,\"name\":\"V\u00c4RNAMO INDUSTRIEXPO 14-15 MAJ 2025\"}]},{\"@type\":\"WebSite\",\"@id\":\"https:\/\/fructus.se\/#website\",\"url\":\"https:\/\/fructus.se\/\",\"name\":\"Fructus\",\"description\":\"CAD \/ CAM \/ CAE\",\"publisher\":{\"@id\":\"https:\/\/fructus.se\/#organization\"},\"potentialAction\":[{\"@type\":\"SearchAction\",\"target\":{\"@type\":\"EntryPoint\",\"urlTemplate\":\"https:\/\/fructus.se\/?s={search_term_string}\"},\"query-input\":{\"@type\":\"PropertyValueSpecification\",\"valueRequired\":true,\"valueName\":\"search_term_string\"}}],\"inLanguage\":\"en-GB\"},{\"@type\":\"Organization\",\"@id\":\"https:\/\/fructus.se\/#organization\",\"name\":\"Fructus\",\"url\":\"https:\/\/fructus.se\/\",\"logo\":{\"@type\":\"ImageObject\",\"inLanguage\":\"en-GB\",\"@id\":\"https:\/\/fructus.se\/#\/schema\/logo\/image\/\",\"url\":\"https:\/\/fructus.se\/wp-content\/uploads\/2022\/10\/fructus-logo.png\",\"contentUrl\":\"https:\/\/fructus.se\/wp-content\/uploads\/2022\/10\/fructus-logo.png\",\"width\":501,\"height\":125,\"caption\":\"Fructus\"},\"image\":{\"@id\":\"https:\/\/fructus.se\/#\/schema\/logo\/image\/\"}},{\"@type\":\"Person\",\"@id\":\"https:\/\/fructus.se\/#\/schema\/person\/f5e66a6038af25a57d786df7e880f487\",\"name\":\"Mikael\",\"image\":{\"@type\":\"ImageObject\",\"inLanguage\":\"en-GB\",\"@id\":\"https:\/\/fructus.se\/#\/schema\/person\/image\/\",\"url\":\"https:\/\/fructus.se\/wp-content\/litespeed\/avatar\/d55ee1773c67f3e3bd710864e72d7162.jpg?ver=1776878743\",\"contentUrl\":\"https:\/\/fructus.se\/wp-content\/litespeed\/avatar\/d55ee1773c67f3e3bd710864e72d7162.jpg?ver=1776878743\",\"caption\":\"Mikael\"},\"url\":\"https:\/\/fructus.se\/en\/author\/mikael-bagge\/\"}]}<\/script>\n<!-- \/ Yoast SEO plugin. -->","yoast_head_json":{"title":"V\u00c4RNAMO INDUSTRIEXPO 14-15 MAJ 2025 - Fructus","robots":{"index":"index","follow":"follow","max-snippet":"max-snippet:-1","max-image-preview":"max-image-preview:large","max-video-preview":"max-video-preview:-1"},"canonical":"https:\/\/fructus.se\/en\/2025\/04\/24\/varnamo-industriexpo-14-15-maj-2025\/","og_locale":"en_GB","og_type":"article","og_title":"V\u00c4RNAMO INDUSTRIEXPO 14-15 MAJ 2025 - Fructus","og_description":"&nbsp; &nbsp; Varmt v\u00e4lkommen till V\u00e4rnamo Industriexpo, den 14-15 maj i V\u00e4rnamo. Evenemanget d\u00e4r du tr\u00e4ffar v\u00e4rldsledande f\u00f6retag inom tillverkningsindustrin. Vi finns p\u00e5 plats hos Ravema som medutst\u00e4llare och visar snabb och smidig CAM programmering. Ut\u00f6ver det anordnas b\u00e5de seminarier och livek\u00f6rningar i maskin, med m\u00e5let att ge Er maximalt med information om det senaste [&hellip;]","og_url":"https:\/\/fructus.se\/en\/2025\/04\/24\/varnamo-industriexpo-14-15-maj-2025\/","og_site_name":"Fructus","article_published_time":"2025-04-24T09:36:13+00:00","article_modified_time":"2025-04-24T09:42:47+00:00","og_image":[{"width":1149,"height":844,"url":"http:\/\/fructus.se\/wp-content\/uploads\/2025\/04\/vix2025.jpg","type":"image\/jpeg"}],"author":"Mikael","twitter_card":"summary_large_image","twitter_misc":{"Written by":"Mikael","Estimated reading time":"1 minute"},"schema":{"@context":"https:\/\/schema.org","@graph":[{"@type":"Article","@id":"https:\/\/fructus.se\/2025\/04\/24\/varnamo-industriexpo-14-15-maj-2025\/#article","isPartOf":{"@id":"https:\/\/fructus.se\/2025\/04\/24\/varnamo-industriexpo-14-15-maj-2025\/"},"author":{"name":"Mikael","@id":"https:\/\/fructus.se\/#\/schema\/person\/f5e66a6038af25a57d786df7e880f487"},"headline":"V\u00c4RNAMO INDUSTRIEXPO 14-15 MAJ 2025","datePublished":"2025-04-24T09:36:13+00:00","dateModified":"2025-04-24T09:42:47+00:00","mainEntityOfPage":{"@id":"https:\/\/fructus.se\/2025\/04\/24\/varnamo-industriexpo-14-15-maj-2025\/"},"wordCount":107,"commentCount":0,"publisher":{"@id":"https:\/\/fructus.se\/#organization"},"image":{"@id":"https:\/\/fructus.se\/2025\/04\/24\/varnamo-industriexpo-14-15-maj-2025\/#primaryimage"},"thumbnailUrl":"https:\/\/fructus.se\/wp-content\/uploads\/2025\/04\/vix2025.jpg","articleSection":["Event"],"inLanguage":"en-GB","potentialAction":[{"@type":"CommentAction","name":"Comment","target":["https:\/\/fructus.se\/2025\/04\/24\/varnamo-industriexpo-14-15-maj-2025\/#respond"]}]},{"@type":"WebPage","@id":"https:\/\/fructus.se\/2025\/04\/24\/varnamo-industriexpo-14-15-maj-2025\/","url":"https:\/\/fructus.se\/2025\/04\/24\/varnamo-industriexpo-14-15-maj-2025\/","name":"V\u00c4RNAMO INDUSTRIEXPO 14-15 MAJ 2025 - Fructus","isPartOf":{"@id":"https:\/\/fructus.se\/#website"},"primaryImageOfPage":{"@id":"https:\/\/fructus.se\/2025\/04\/24\/varnamo-industriexpo-14-15-maj-2025\/#primaryimage"},"image":{"@id":"https:\/\/fructus.se\/2025\/04\/24\/varnamo-industriexpo-14-15-maj-2025\/#primaryimage"},"thumbnailUrl":"https:\/\/fructus.se\/wp-content\/uploads\/2025\/04\/vix2025.jpg","datePublished":"2025-04-24T09:36:13+00:00","dateModified":"2025-04-24T09:42:47+00:00","breadcrumb":{"@id":"https:\/\/fructus.se\/2025\/04\/24\/varnamo-industriexpo-14-15-maj-2025\/#breadcrumb"},"inLanguage":"en-GB","potentialAction":[{"@type":"ReadAction","target":["https:\/\/fructus.se\/2025\/04\/24\/varnamo-industriexpo-14-15-maj-2025\/"]}]},{"@type":"ImageObject","inLanguage":"en-GB","@id":"https:\/\/fructus.se\/2025\/04\/24\/varnamo-industriexpo-14-15-maj-2025\/#primaryimage","url":"https:\/\/fructus.se\/wp-content\/uploads\/2025\/04\/vix2025.jpg","contentUrl":"https:\/\/fructus.se\/wp-content\/uploads\/2025\/04\/vix2025.jpg","width":1149,"height":844},{"@type":"BreadcrumbList","@id":"https:\/\/fructus.se\/2025\/04\/24\/varnamo-industriexpo-14-15-maj-2025\/#breadcrumb","itemListElement":[{"@type":"ListItem","position":1,"name":"Hem","item":"https:\/\/fructus.se\/"},{"@type":"ListItem","position":2,"name":"V\u00c4RNAMO INDUSTRIEXPO 14-15 MAJ 2025"}]},{"@type":"WebSite","@id":"https:\/\/fructus.se\/#website","url":"https:\/\/fructus.se\/","name":"Fructus","description":"CAD \/ CAM \/ CAE","publisher":{"@id":"https:\/\/fructus.se\/#organization"},"potentialAction":[{"@type":"SearchAction","target":{"@type":"EntryPoint","urlTemplate":"https:\/\/fructus.se\/?s={search_term_string}"},"query-input":{"@type":"PropertyValueSpecification","valueRequired":true,"valueName":"search_term_string"}}],"inLanguage":"en-GB"},{"@type":"Organization","@id":"https:\/\/fructus.se\/#organization","name":"Fructus","url":"https:\/\/fructus.se\/","logo":{"@type":"ImageObject","inLanguage":"en-GB","@id":"https:\/\/fructus.se\/#\/schema\/logo\/image\/","url":"https:\/\/fructus.se\/wp-content\/uploads\/2022\/10\/fructus-logo.png","contentUrl":"https:\/\/fructus.se\/wp-content\/uploads\/2022\/10\/fructus-logo.png","width":501,"height":125,"caption":"Fructus"},"image":{"@id":"https:\/\/fructus.se\/#\/schema\/logo\/image\/"}},{"@type":"Person","@id":"https:\/\/fructus.se\/#\/schema\/person\/f5e66a6038af25a57d786df7e880f487","name":"Mikael","image":{"@type":"ImageObject","inLanguage":"en-GB","@id":"https:\/\/fructus.se\/#\/schema\/person\/image\/","url":"https:\/\/fructus.se\/wp-content\/litespeed\/avatar\/d55ee1773c67f3e3bd710864e72d7162.jpg?ver=1776878743","contentUrl":"https:\/\/fructus.se\/wp-content\/litespeed\/avatar\/d55ee1773c67f3e3bd710864e72d7162.jpg?ver=1776878743","caption":"Mikael"},"url":"https:\/\/fructus.se\/en\/author\/mikael-bagge\/"}]}},"_links":{"self":[{"href":"https:\/\/fructus.se\/en\/wp-json\/wp\/v2\/posts\/6412","targetHints":{"allow":["GET"]}}],"collection":[{"href":"https:\/\/fructus.se\/en\/wp-json\/wp\/v2\/posts"}],"about":[{"href":"https:\/\/fructus.se\/en\/wp-json\/wp\/v2\/types\/post"}],"author":[{"embeddable":true,"href":"https:\/\/fructus.se\/en\/wp-json\/wp\/v2\/users\/2"}],"replies":[{"embeddable":true,"href":"https:\/\/fructus.se\/en\/wp-json\/wp\/v2\/comments?post=6412"}],"version-history":[{"count":0,"href":"https:\/\/fructus.se\/en\/wp-json\/wp\/v2\/posts\/6412\/revisions"}],"wp:featuredmedia":[{"embeddable":true,"href":"https:\/\/fructus.se\/en\/wp-json\/wp\/v2\/media\/6416"}],"wp:attachment":[{"href":"https:\/\/fructus.se\/en\/wp-json\/wp\/v2\/media?parent=6412"}],"wp:term":[{"taxonomy":"category","embeddable":true,"href":"https:\/\/fructus.se\/en\/wp-json\/wp\/v2\/categories?post=6412"},{"taxonomy":"post_tag","embeddable":true,"href":"https:\/\/fructus.se\/en\/wp-json\/wp\/v2\/tags?post=6412"}],"curies":[{"name":"wp","href":"https:\/\/api.w.org\/{rel}","templated":true}]}}